{"id":683,"date":"2012-09-18T17:12:50","date_gmt":"2012-09-18T16:12:50","guid":{"rendered":"https:\/\/www.kolja-engelmann.de\/blog\/?p=683"},"modified":"2012-09-18T17:12:50","modified_gmt":"2012-09-18T16:12:50","slug":"manche-oberflachenelemente-unter-windows-7-sind-zu-klein","status":"publish","type":"post","link":"https:\/\/www.kolja-engelmann.de\/blog\/2012\/09\/manche-oberflachenelemente-unter-windows-7-sind-zu-klein\/","title":{"rendered":"Manche Oberfl\u00e4chenelemente unter Windows 7 sind zu klein"},"content":{"rendered":"<p>Mein neuer Arbeitsrechner wollte eingerichtet werden. Das macht so lange Spa\u00df, bis mal wieder etwas unvorhergesehenes passiert. In diesem Fall wurden mit einem mal Elemente der Benutzeroberfl\u00e4che zu klein dargestellt. Nicht alle, aber manche und gerade das wunderte mich.<\/p>\n<p><a href=\"https:\/\/www.kolja-engelmann.de\/blog\/wp-content\/uploads\/2012\/09\/toosmallfont.png\"><img loading=\"lazy\" decoding=\"async\" class=\"aligncenter size-medium wp-image-685\" title=\"Fehlerbeispiel f\u00fcr zu kleine Schriftarten\" src=\"https:\/\/www.kolja-engelmann.de\/blog\/wp-content\/uploads\/2012\/09\/toosmallfont-300x239.png\" alt=\"\" width=\"300\" height=\"239\" srcset=\"https:\/\/www.kolja-engelmann.de\/blog\/wp-content\/uploads\/2012\/09\/toosmallfont-300x239.png 300w, https:\/\/www.kolja-engelmann.de\/blog\/wp-content\/uploads\/2012\/09\/toosmallfont.png 386w\" sizes=\"auto, (max-width: 300px) 100vw, 300px\" \/><\/a><\/p>\n<p>Die L\u00f6sung ist zum Gl\u00fcck recht simpel und ist auf ein Timing Problem des Explorers und des Winlogon Prozess <a href=\"http:\/\/support.microsoft.com\/kb\/2556182\" target=\"_blank\">zur\u00fcckzuf\u00fchren<\/a>. Einmal (ggf mehrfach wenn es nicht auf Anhieb klappt) in der Systemsteuerung unter Anzeige die Skalierung \u00e4ndern (z.B. auf 125%), die obligatorische Ab- und Anmeldung \u00fcber sich ergehen lassen, den Wert auf seinen Ausgangswert zur\u00fcckstellen, noch einmal ab- und wieder anmelden und fertig. Danach waren alle Schriftarten bei mir wieder in der korrekten Gr\u00f6\u00dfe zu sehen.<\/p>\n<div id=\"attachment_684\" style=\"width: 510px\" class=\"wp-caption aligncenter\"><a href=\"https:\/\/www.kolja-engelmann.de\/blog\/wp-content\/uploads\/2012\/09\/toosmallfont_gui.png\"><img loading=\"lazy\" decoding=\"async\" aria-describedby=\"caption-attachment-684\" class=\"size-large wp-image-684 \" title=\"Anzeigeeinstellungen\" src=\"https:\/\/www.kolja-engelmann.de\/blog\/wp-content\/uploads\/2012\/09\/toosmallfont_gui-500x259.png\" alt=\"\" width=\"500\" height=\"259\" srcset=\"https:\/\/www.kolja-engelmann.de\/blog\/wp-content\/uploads\/2012\/09\/toosmallfont_gui-500x259.png 500w, https:\/\/www.kolja-engelmann.de\/blog\/wp-content\/uploads\/2012\/09\/toosmallfont_gui-300x155.png 300w, https:\/\/www.kolja-engelmann.de\/blog\/wp-content\/uploads\/2012\/09\/toosmallfont_gui.png 852w\" sizes=\"auto, (max-width: 500px) 100vw, 500px\" \/><\/a><p id=\"caption-attachment-684\" class=\"wp-caption-text\">Hier \u00e4ndert man die GUI Darstellung von Windows 7<\/p><\/div>","protected":false},"excerpt":{"rendered":"<p>Mein neuer Arbeitsrechner wollte eingerichtet werden. Das macht so lange Spa\u00df, bis mal wieder etwas unvorhergesehenes passiert. In diesem Fall wurden mit einem mal Elemente der Benutzeroberfl\u00e4che zu klein dargestellt. Nicht alle, aber manche und&#46;&#46;&#46;<\/p>\n","protected":false},"author":1,"featured_media":684,"comment_status":"open","ping_status":"open","sticky":false,"template":"","format":"standard","meta":{"_jetpack_memberships_contains_paid_content":false,"footnotes":""},"categories":[1],"tags":[8],"class_list":["post-683","post","type-post","status-publish","format-standard","has-post-thumbnail","hentry","category-allgemein","tag-windows"],"jetpack_featured_media_url":"https:\/\/www.kolja-engelmann.de\/blog\/wp-content\/uploads\/2012\/09\/toosmallfont_gui.png","jetpack_sharing_enabled":true,"amp_enabled":true,"_links":{"self":[{"href":"https:\/\/www.kolja-engelmann.de\/blog\/wp-json\/wp\/v2\/posts\/683","targetHints":{"allow":["GET"]}}],"collection":[{"href":"https:\/\/www.kolja-engelmann.de\/blog\/wp-json\/wp\/v2\/posts"}],"about":[{"href":"https:\/\/www.kolja-engelmann.de\/blog\/wp-json\/wp\/v2\/types\/post"}],"author":[{"embeddable":true,"href":"https:\/\/www.kolja-engelmann.de\/blog\/wp-json\/wp\/v2\/users\/1"}],"replies":[{"embeddable":true,"href":"https:\/\/www.kolja-engelmann.de\/blog\/wp-json\/wp\/v2\/comments?post=683"}],"version-history":[{"count":0,"href":"https:\/\/www.kolja-engelmann.de\/blog\/wp-json\/wp\/v2\/posts\/683\/revisions"}],"wp:featuredmedia":[{"embeddable":true,"href":"https:\/\/www.kolja-engelmann.de\/blog\/wp-json\/wp\/v2\/media\/684"}],"wp:attachment":[{"href":"https:\/\/www.kolja-engelmann.de\/blog\/wp-json\/wp\/v2\/media?parent=683"}],"wp:term":[{"taxonomy":"category","embeddable":true,"href":"https:\/\/www.kolja-engelmann.de\/blog\/wp-json\/wp\/v2\/categories?post=683"},{"taxonomy":"post_tag","embeddable":true,"href":"https:\/\/www.kolja-engelmann.de\/blog\/wp-json\/wp\/v2\/tags?post=683"}],"curies":[{"name":"wp","href":"https:\/\/api.w.org\/{rel}","templated":true}]}}